{"id":98,"date":"2015-02-12T17:20:30","date_gmt":"2015-02-12T17:20:30","guid":{"rendered":"http:\/\/www.terramaris.fr\/paysage\/?p=98"},"modified":"2015-02-26T13:33:38","modified_gmt":"2015-02-26T13:33:38","slug":"jardin-ernest-renan","status":"publish","type":"post","link":"https:\/\/www.terramaris.fr\/paysage\/jardin-ernest-renan\/","title":{"rendered":"Jardin Ernest Renan"},"content":{"rendered":"<blockquote><p><span style=\"font-size: 20px;\"><strong>Jardin Ernest Renan, site class\u00e9 \u00e0 Tr\u00e9guier<\/strong><\/span><\/p><\/blockquote>\n<div id='gallery-1' class='gallery galleryid-98 gallery-columns-3 gallery-size-thumbnail'><figure class='gallery-item'>\n\t\t\t<div class='gallery-icon landscape'>\n\t\t\t\t<a href='https:\/\/www.terramaris.fr\/paysage\/jardin-ernest-renan\/terramaris-paysage-ernest-renan2\/'><img loading=\"lazy\" decoding=\"async\" width=\"150\" height=\"150\" src=\"https:\/\/www.terramaris.fr\/paysage\/wp-content\/uploads\/2015\/02\/terramaris-paysage-Ernest-Renan2-150x150.jpg\" class=\"attachment-thumbnail size-thumbnail\" alt=\"\" aria-describedby=\"gallery-1-115\" \/><\/a>\n\t\t\t<\/div>\n\t\t\t\t<figcaption class='wp-caption-text gallery-caption' id='gallery-1-115'>\n\t\t\t\tJardin Ernest Renan, parterre de buis, Euphorbia X Martinii, Allium christophi\n\t\t\t\t<\/figcaption><\/figure><figure class='gallery-item'>\n\t\t\t<div class='gallery-icon landscape'>\n\t\t\t\t<a href='https:\/\/www.terramaris.fr\/paysage\/jardin-ernest-renan\/terramaris-paysage-ernest-renan5\/'><img loading=\"lazy\" decoding=\"async\" width=\"150\" height=\"150\" src=\"https:\/\/www.terramaris.fr\/paysage\/wp-content\/uploads\/2015\/02\/terramaris-paysage-Ernest-Renan5-150x150.jpg\" class=\"attachment-thumbnail size-thumbnail\" alt=\"\" aria-describedby=\"gallery-1-114\" \/><\/a>\n\t\t\t<\/div>\n\t\t\t\t<figcaption class='wp-caption-text gallery-caption' id='gallery-1-114'>\n\t\t\t\tUn jardin cl\u00f4t dans un paysage\n\t\t\t\t<\/figcaption><\/figure><figure class='gallery-item'>\n\t\t\t<div class='gallery-icon landscape'>\n\t\t\t\t<a href='https:\/\/www.terramaris.fr\/paysage\/jardin-ernest-renan\/terramaris-paysage-ernest-renan6\/'><img loading=\"lazy\" decoding=\"async\" width=\"150\" height=\"150\" src=\"https:\/\/www.terramaris.fr\/paysage\/wp-content\/uploads\/2015\/02\/terramaris-paysage-Ernest-Renan6-150x150.jpg\" class=\"attachment-thumbnail size-thumbnail\" alt=\"\" aria-describedby=\"gallery-1-113\" \/><\/a>\n\t\t\t<\/div>\n\t\t\t\t<figcaption class='wp-caption-text gallery-caption' id='gallery-1-113'>\n\t\t\t\tSuccessions d\u2019espaces\n\t\t\t\t<\/figcaption><\/figure><figure class='gallery-item'>\n\t\t\t<div class='gallery-icon landscape'>\n\t\t\t\t<a href='https:\/\/www.terramaris.fr\/paysage\/jardin-ernest-renan\/terramaris-paysage-ernest-renan-oiseau\/'><img loading=\"lazy\" decoding=\"async\" width=\"150\" height=\"150\" src=\"https:\/\/www.terramaris.fr\/paysage\/wp-content\/uploads\/2015\/02\/terramaris-paysage-Ernest-Renan-oiseau-150x150.jpg\" class=\"attachment-thumbnail size-thumbnail\" alt=\"\" aria-describedby=\"gallery-1-112\" \/><\/a>\n\t\t\t<\/div>\n\t\t\t\t<figcaption class='wp-caption-text gallery-caption' id='gallery-1-112'>\n\t\t\t\tChardonneret dans le pommier, attir\u00e9 par les insectes nombreux \u00e0 venir visit\u00e9s les plates bandes de vivaces\n\t\t\t\t<\/figcaption><\/figure><figure class='gallery-item'>\n\t\t\t<div class='gallery-icon landscape'>\n\t\t\t\t<a href='https:\/\/www.terramaris.fr\/paysage\/jardin-ernest-renan\/terramaris-paysage-ernest-renan\/'><img loading=\"lazy\" decoding=\"async\" width=\"150\" height=\"150\" src=\"https:\/\/www.terramaris.fr\/paysage\/wp-content\/uploads\/2015\/02\/terramaris-paysage-Ernest-Renan-150x150.jpg\" class=\"attachment-thumbnail size-thumbnail\" alt=\"\" aria-describedby=\"gallery-1-111\" \/><\/a>\n\t\t\t<\/div>\n\t\t\t\t<figcaption class='wp-caption-text gallery-caption' id='gallery-1-111'>\n\t\t\t\tSuccessions d\u2019espaces, filet d\u2019eau et intimit\u00e9\n\t\t\t\t<\/figcaption><\/figure><figure class='gallery-item'>\n\t\t\t<div class='gallery-icon landscape'>\n\t\t\t\t<a href='https:\/\/www.terramaris.fr\/paysage\/jardin-ernest-renan\/terramaris-paysage-ernest-renan1\/'><img loading=\"lazy\" decoding=\"async\" width=\"150\" height=\"150\" src=\"https:\/\/www.terramaris.fr\/paysage\/wp-content\/uploads\/2015\/02\/terramaris-paysage-Ernest-Renan1-150x150.jpg\" class=\"attachment-thumbnail size-thumbnail\" alt=\"Vue sur la Maison Ernest Renan, et le b\u00e2tie environnant\" aria-describedby=\"gallery-1-110\" \/><\/a>\n\t\t\t<\/div>\n\t\t\t\t<figcaption class='wp-caption-text gallery-caption' id='gallery-1-110'>\n\t\t\t\tVue sur la Maison Ernest Renan, et le b\u00e2tie environnant\n\t\t\t\t<\/figcaption><\/figure>\n\t\t<\/div>\n\n<blockquote><p><span style=\"font-size: 16px;\">Le projet d\u00e9finit une succession de trois espaces o\u00f9 les murs en pierres existants embl\u00e9matiques du paysage de Tr\u00e9guier sont mis en valeur. La cour, le parterre de buis, l\u2019espace de la sc\u00e8ne, d\u00e9clinent une promenade qui emm\u00e8ne le visiteur dans l\u2019intimit\u00e9 d\u2019un jardin o\u00f9 il pourra appr\u00e9cier un paysage b\u00e2ti exceptionnel et go\u00fbter au plaisir d\u2019un jardin cl\u00f4t en relation avec le paysage environnant.<\/span><\/p><\/blockquote>\n<p><span style=\"font-size: 16px;\">Autour du parterre central plant\u00e9 de buis, l&rsquo;ambiance est m\u00e9ditative, le visiteur peut d\u00e9ambuler ou s\u2019assoir, \u00e0 l\u2019abri des vents sur un banc \u00e0 l\u2019endroit m\u00eame o\u00f9 Henriette, s\u0153ur d\u2019Ernest Renan avait l\u2019habitude de se tenir. En descendant, une r\u00e9surgence d\u2019eau diffuse un l\u00e9ger bruissement qui se glisse au travers d\u2019une petite seguia en r\u00e9f\u00e9rence aux voyages en Orient d\u2019Ernest Renan. <\/span><\/p>\n<blockquote><p><span style=\"font-size: 16px;\">Le bassin d\u2019iris, s\u2019appuie sur de larges massifs fleuris, ponctu\u00e9 par la plantation de deux pommiers en premiers plan et d\u2019un Tilleul en arri\u00e8re plan. <\/span><\/p><\/blockquote>\n<p><span style=\"font-size: 16px;\">Cette luxuriance v\u00e9g\u00e9tale est interrompue par une pelouse ouverte sur un promontoire qui offre l\u2019\u00e9ventualit\u00e9 d\u2019un spectacle ou tout simplement une vue au del\u00e0 du mur d\u2019enceinte, sur les toits de Tr\u00e9guier et sur le grand paysage.<\/span><\/p>\n","protected":false},"excerpt":{"rendered":"<p>Jardin Ernest Renan, site class\u00e9 \u00e0 Tr\u00e9guier Le projet d\u00e9finit une succession de trois espaces o\u00f9 les murs en pierres existants embl\u00e9matiques du paysage de Tr\u00e9guier sont mis en valeur. La cour, le parterre de buis, l\u2019espace de la sc\u00e8ne, d\u00e9clinent une promenade qui emm\u00e8ne le visiteur dans l\u2019intimit\u00e9 d\u2019un jardin o\u00f9 il pourra appr\u00e9cier &hellip; <a href=\"https:\/\/www.terramaris.fr\/paysage\/jardin-ernest-renan\/\" class=\"more-link\">Continuer la lecture de <span class=\"screen-reader-text\">Jardin Ernest Renan<\/span>  <span class=\"meta-nav\">&rarr;<\/span><\/a><\/p>\n","protected":false},"author":1,"featured_media":213,"comment_status":"closed","ping_status":"closed","sticky":false,"template":"","format":"standard","meta":{"footnotes":""},"categories":[7],"tags":[],"class_list":["post-98","post","type-post","status-publish","format-standard","has-post-thumbnail","hentry","category-projet"],"_links":{"self":[{"href":"https:\/\/www.terramaris.fr\/paysage\/wp-json\/wp\/v2\/posts\/98","targetHints":{"allow":["GET"]}}],"collection":[{"href":"https:\/\/www.terramaris.fr\/paysage\/wp-json\/wp\/v2\/posts"}],"about":[{"href":"https:\/\/www.terramaris.fr\/paysage\/wp-json\/wp\/v2\/types\/post"}],"author":[{"embeddable":true,"href":"https:\/\/www.terramaris.fr\/paysage\/wp-json\/wp\/v2\/users\/1"}],"replies":[{"embeddable":true,"href":"https:\/\/www.terramaris.fr\/paysage\/wp-json\/wp\/v2\/comments?post=98"}],"version-history":[{"count":7,"href":"https:\/\/www.terramaris.fr\/paysage\/wp-json\/wp\/v2\/posts\/98\/revisions"}],"predecessor-version":[{"id":383,"href":"https:\/\/www.terramaris.fr\/paysage\/wp-json\/wp\/v2\/posts\/98\/revisions\/383"}],"wp:featuredmedia":[{"embeddable":true,"href":"https:\/\/www.terramaris.fr\/paysage\/wp-json\/wp\/v2\/media\/213"}],"wp:attachment":[{"href":"https:\/\/www.terramaris.fr\/paysage\/wp-json\/wp\/v2\/media?parent=98"}],"wp:term":[{"taxonomy":"category","embeddable":true,"href":"https:\/\/www.terramaris.fr\/paysage\/wp-json\/wp\/v2\/categories?post=98"},{"taxonomy":"post_tag","embeddable":true,"href":"https:\/\/www.terramaris.fr\/paysage\/wp-json\/wp\/v2\/tags?post=98"}],"curies":[{"name":"wp","href":"https:\/\/api.w.org\/{rel}","templated":true}]}}